{"id":3544,"date":"2026-04-29T19:24:02","date_gmt":"2026-04-29T19:24:02","guid":{"rendered":"https:\/\/www.spd-bad-orb.de\/?p=3544"},"modified":"2026-04-29T19:39:59","modified_gmt":"2026-04-29T19:39:59","slug":"stellungnahme-der-spd-fraktion-vorwuerfe-von-gruene-und-fwg-den-afd-vertreter-als-stellvertreter-des-stavo-vorsitzenden-gewaehlt-zu-haben-werden-scharf-zurueckgewiesen","status":"publish","type":"post","link":"https:\/\/www.spd-bad-orb.de\/?p=3544","title":{"rendered":"Stellungnahme der SPD-Fraktion: Vorw\u00fcrfe von GR\u00dcNE und FWG, den AfD-Vertreter als Stellvertreter des StaVo-Vorsitzenden direkt gew\u00e4hlt zu haben, werden scharf zur\u00fcckgewiesen."},"content":{"rendered":"\n<p><a href=\"https:\/\/www.spd-bad-orb.de\/wp-content\/uploads\/2025\/07\/grafik-3.png\"><img loading=\"lazy\" decoding=\"async\" class=\"aligncenter size-full wp-image-3410\" src=\"https:\/\/www.spd-bad-orb.de\/wp-content\/uploads\/2025\/07\/grafik-3.png\" alt=\"\" width=\"438\" height=\"293\" srcset=\"https:\/\/www.spd-bad-orb.de\/wp-content\/uploads\/2025\/07\/grafik-3.png 438w, https:\/\/www.spd-bad-orb.de\/wp-content\/uploads\/2025\/07\/grafik-3-300x201.png 300w\" sizes=\"auto, (max-width: 438px) 100vw, 438px\" \/><\/a><\/p>\n\n\n\n<p>In einer Stellungnahme betonen die drei Mitglieder der SPD-Fraktion der am 27.4.26 neu konstituierten Stadtverordnetenversammlung in Bad Orb mit, dass die Wahl der vier Stellvertreter des Stavo-Vorsitzenden in einer geheimen Wahl durchgef\u00fchrt wurde. Trotz der gleichen Besetzung mit je 5 Sitzen hatte der Bewerber der AfD-Fraktion 8, der Bewerber der Gr\u00fcnen\/B\u00fcndnis 90-Fraktion jedoch nur 5 Stimmen erhalten. Der vierte Stellvertreter-Posten wird somit zuk\u00fcnftig von der AfD-Fraktion gestellt werden. Die im Nachgang dieser denkw\u00fcrdigen Sitzung gegen\u00fcber dem anwesenden GNZ-Pressevertreter aufgestellte Behauptung aus der Gr\u00fcnen-Fraktion und des FWG-Fraktionsvorsitzenden, die SPD-Fraktion h\u00e4tte direkt den AFD-Bewerber gew\u00e4hlt und damit w\u00e4re nun \u201edie Brandmauer gefallen\u201c, entbehrt jeglicher Logik, jeder Grundlage und wird von den Mitgliedern der SPD-Fraktion scharf zur\u00fcckgewiesen. Im weiteren Verlauf der Sitzung kam es bei der Wahl der Magistratsmitglieder ebenfalls zu einer besonderen Konstellation. Trotz 5 wahlberechtigen Mitgliedern erhielt die AfD-Fraktion nur 4 Stimmen, w\u00e4hrend die FBO-Fraktion mit nur einem anwesenden Vertreter 2 Stimmen erhielt. Diese Situation hatte zur Folge, dass es zwischen der Gr\u00fcnen- und der FBO-Fraktion zu einem Patt kam (mit entweder einem zweiten Magistrats-Sitz f\u00fcr die Gr\u00fcnen oder einem Sitz f\u00fcr die FBO), und es waren hierf\u00fcr 2 L\u00f6sungswege m\u00f6glich. Der auch bereits im GNZ-Artikel vom 29.4. genannte Verzicht der Gr\u00fcnen-Fraktion auf ein Auslosen dieses vakanten Magistratssitz erm\u00f6glichte es nun, das dieser der FBO-Fraktion zugeschlagen werden konnte. Sich nun im Zuge dieses besonderen Stimmen- und Wahlverhaltens \u00fcber das Ergebnis einer geheimen Wahl f\u00fcr die Vertreter des Vorsitzenden zu beschweren, ist haltlos, stillos und sollte unter den demokratischen Parteien fehl am Platz sein.\u00a0\u00a0\u00a0<\/p>\n<p><strong>Die SPD-Fraktion Bad Orb<\/strong><\/p>\n","protected":false},"excerpt":{"rendered":"<p>In einer Stellungnahme betonen die drei Mitglieder der SPD-Fraktion der am 27.4.26 neu konstituierten Stadtverordnetenversammlung in Bad Orb mit, dass die Wahl der vier Stellvertreter des Stavo-Vorsitzenden in einer geheimen Wahl durchgef\u00fchrt wurde. Trotz der gleichen Besetzung mit je 5 &hellip; <a href=\"https:\/\/www.spd-bad-orb.de\/?p=3544\">Weiterlesen <span class=\"meta-nav\">&rarr;<\/span><\/a><\/p>\n","protected":false},"author":1,"featured_media":0,"comment_status":"closed","ping_status":"closed","sticky":true,"template":"","format":"standard","meta":{"footnotes":""},"categories":[1],"tags":[],"class_list":["post-3544","post","type-post","status-publish","format-standard","hentry","category-allgemein"],"_links":{"self":[{"href":"https:\/\/www.spd-bad-orb.de\/index.php?rest_route=\/wp\/v2\/posts\/3544","targetHints":{"allow":["GET"]}}],"collection":[{"href":"https:\/\/www.spd-bad-orb.de\/index.php?rest_route=\/wp\/v2\/posts"}],"about":[{"href":"https:\/\/www.spd-bad-orb.de\/index.php?rest_route=\/wp\/v2\/types\/post"}],"author":[{"embeddable":true,"href":"https:\/\/www.spd-bad-orb.de\/index.php?rest_route=\/wp\/v2\/users\/1"}],"replies":[{"embeddable":true,"href":"https:\/\/www.spd-bad-orb.de\/index.php?rest_route=%2Fwp%2Fv2%2Fcomments&post=3544"}],"version-history":[{"count":2,"href":"https:\/\/www.spd-bad-orb.de\/index.php?rest_route=\/wp\/v2\/posts\/3544\/revisions"}],"predecessor-version":[{"id":3550,"href":"https:\/\/www.spd-bad-orb.de\/index.php?rest_route=\/wp\/v2\/posts\/3544\/revisions\/3550"}],"wp:attachment":[{"href":"https:\/\/www.spd-bad-orb.de\/index.php?rest_route=%2Fwp%2Fv2%2Fmedia&parent=3544"}],"wp:term":[{"taxonomy":"category","embeddable":true,"href":"https:\/\/www.spd-bad-orb.de\/index.php?rest_route=%2Fwp%2Fv2%2Fcategories&post=3544"},{"taxonomy":"post_tag","embeddable":true,"href":"https:\/\/www.spd-bad-orb.de\/index.php?rest_route=%2Fwp%2Fv2%2Ftags&post=3544"}],"curies":[{"name":"wp","href":"https:\/\/api.w.org\/{rel}","templated":true}]}}