{"id":3578,"date":"2026-09-01T07:49:30","date_gmt":"2026-09-01T07:49:30","guid":{"rendered":"https:\/\/www.spd-bad-orb.de\/?p=3578"},"modified":"2026-09-01T07:56:44","modified_gmt":"2026-09-01T07:56:44","slug":"dr-olaf-neuschaefer-rube-als-neuer-buergerbeauftrager-der-stadt-bad-orb-gewaehlt","status":"publish","type":"post","link":"https:\/\/www.spd-bad-orb.de\/?p=3578","title":{"rendered":"Dr. Olaf Neuschaefer-Rube als neuer B\u00fcrgerbeauftragter der Stadt Bad Orb gew\u00e4hlt"},"content":{"rendered":"\n<p>Bad Orb, den 25. August 2026<\/p>\n<h2><strong>Liebe Mitb\u00fcrgerinnen und Mitb\u00fcrger von Bad Orb,<\/strong><\/h2>\n<p>in der Stadtverordnetenversammlung am Montag, 24.8.26, habe ich mich um das Ehrenamt des B\u00fcrgerbeauftragten der Stadt Bad Orb beworben. Die anwesenden Mitglieder des Stadtparlaments haben mich in einer geheimen Wahl f\u00fcr die kommende Wahlperiode bis 2031 in dieses Amt gew\u00e4hlt.<\/p>\n<p>Ich trete hier die Nachfolge von Herrn Eduard Heim an, dem ich an dieser Stelle sehr f\u00fcr seinen Einsatz in diesem Amt in den letzten 10 Jahren auch im Namen unserer B\u00fcrgerschaft danke.<\/p>\n<p>Wie immer bei einer neuen Herausforderung braucht es erst einmal etwas Zeit, um richtig anzukommen, sich umzusehen und\/oder neue Strukturen aufzubauen. Sobald dies geschehen ist, stehe ich Ihnen, den B\u00fcrgerinnen und B\u00fcrgern von Bad Orb, wie bisher \u00fcber ein regelm\u00e4\u00dfige Sprechstunde im Rathaus sowie digital \u00fcber Email f\u00fcr Anregungen, W\u00fcnsche und Sorgen im Zusammenhang mit der \u00f6rtlichen Stadtverwaltung zur Verf\u00fcgung.<\/p>\n<p><strong>Ich freue mich auf den regen Austausch mit Ihnen.<\/strong><\/p>\n<p><a href=\"https:\/\/www.spd-bad-orb.de\/wp-content\/uploads\/2026\/09\/IMG_8776_OLN-e1788248753866.jpg\"><img loading=\"lazy\" decoding=\"async\" class=\"alignleft size-medium wp-image-3579\" src=\"https:\/\/www.spd-bad-orb.de\/wp-content\/uploads\/2026\/09\/IMG_8776_OLN-e1788248753866-226x300.jpg\" alt=\"\" width=\"226\" height=\"300\" srcset=\"https:\/\/www.spd-bad-orb.de\/wp-content\/uploads\/2026\/09\/IMG_8776_OLN-e1788248753866-226x300.jpg 226w, https:\/\/www.spd-bad-orb.de\/wp-content\/uploads\/2026\/09\/IMG_8776_OLN-e1788248753866.jpg 509w\" sizes=\"auto, (max-width: 226px) 100vw, 226px\" \/><\/a><\/p>\n<p>&nbsp;<\/p>\n<p>&nbsp;<\/p>\n<p>&nbsp;<\/p>\n<p>&nbsp;<\/p>\n<p>&nbsp;<\/p>\n<p>&nbsp;<\/p>\n<p>&nbsp;<\/p>\n<p>Dr. Olaf Neuschaefer-Rube,<\/p>\n<p>neuer B\u00fcrgerbeauftragter der Stadt Bad Orb<\/p>\n","protected":false},"excerpt":{"rendered":"<p>Bad Orb, den 25. August 2026 Liebe Mitb\u00fcrgerinnen und Mitb\u00fcrger von Bad Orb, in der Stadtverordnetenversammlung am Montag, 24.8.26, habe ich mich um das Ehrenamt des B\u00fcrgerbeauftragten der Stadt Bad Orb beworben. Die anwesenden Mitglieder des Stadtparlaments haben mich in &hellip; <a href=\"https:\/\/www.spd-bad-orb.de\/?p=3578\">Weiterlesen <span class=\"meta-nav\">&rarr;<\/span><\/a><\/p>\n","protected":false},"author":1,"featured_media":0,"comment_status":"closed","ping_status":"closed","sticky":true,"template":"","format":"standard","meta":{"footnotes":""},"categories":[1],"tags":[],"class_list":["post-3578","post","type-post","status-publish","format-standard","hentry","category-allgemein"],"_links":{"self":[{"href":"https:\/\/www.spd-bad-orb.de\/index.php?rest_route=\/wp\/v2\/posts\/3578","targetHints":{"allow":["GET"]}}],"collection":[{"href":"https:\/\/www.spd-bad-orb.de\/index.php?rest_route=\/wp\/v2\/posts"}],"about":[{"href":"https:\/\/www.spd-bad-orb.de\/index.php?rest_route=\/wp\/v2\/types\/post"}],"author":[{"embeddable":true,"href":"https:\/\/www.spd-bad-orb.de\/index.php?rest_route=\/wp\/v2\/users\/1"}],"replies":[{"embeddable":true,"href":"https:\/\/www.spd-bad-orb.de\/index.php?rest_route=%2Fwp%2Fv2%2Fcomments&post=3578"}],"version-history":[{"count":3,"href":"https:\/\/www.spd-bad-orb.de\/index.php?rest_route=\/wp\/v2\/posts\/3578\/revisions"}],"predecessor-version":[{"id":3585,"href":"https:\/\/www.spd-bad-orb.de\/index.php?rest_route=\/wp\/v2\/posts\/3578\/revisions\/3585"}],"wp:attachment":[{"href":"https:\/\/www.spd-bad-orb.de\/index.php?rest_route=%2Fwp%2Fv2%2Fmedia&parent=3578"}],"wp:term":[{"taxonomy":"category","embeddable":true,"href":"https:\/\/www.spd-bad-orb.de\/index.php?rest_route=%2Fwp%2Fv2%2Fcategories&post=3578"},{"taxonomy":"post_tag","embeddable":true,"href":"https:\/\/www.spd-bad-orb.de\/index.php?rest_route=%2Fwp%2Fv2%2Ftags&post=3578"}],"curies":[{"name":"wp","href":"https:\/\/api.w.org\/{rel}","templated":true}]}}